{"id":45161,"date":"2016-07-05T10:38:46","date_gmt":"2016-07-05T08:38:46","guid":{"rendered":"http:\/\/www.steuerschroeder.de\/blog\/?p=45161"},"modified":"2016-07-05T10:38:46","modified_gmt":"2016-07-05T08:38:46","slug":"betreutes-wohnen-wann-liegt-ein-gewerbebetrieb-vor","status":"publish","type":"post","link":"https:\/\/www.steuerschroeder.de\/blog\/betreutes-wohnen-wann-liegt-ein-gewerbebetrieb-vor\/","title":{"rendered":"Betreutes Wohnen: Wann liegt ein Gewerbebetrieb vor?"},"content":{"rendered":"<p><b>Betreutes Wohnen: Wann liegt ein Gewerbebetrieb vor?<\/b><\/p>\n<p><b>Werden Wohnungen im Rahmen des sog. betreuten Wohnens vermietet, sind die Ertr\u00e4ge keine Einnahmen aus Gewerbebetrieb, sondern sind als Einnahmen aus Vermietung und Verpachtung zu qualifizieren. Das gilt auch, wenn von dem Vermieter zus\u00e4tzlich unterst\u00fctzende Leistungen f\u00fcr die altersad\u00e4quate Wohnungsnutzung der Mieter erbracht werden.<\/b><\/p>\n<p><b>Hintergrund<\/b><\/p>\n<p>Die Kl\u00e4gerin, eine GmbH &amp; Co. KG, erzielte Ertr\u00e4ge aus der Vermietung einer Seniorenwohnanlage in der Form des sog. betreuten Wohnens. Die Mieter schlossen einen Betreuungsvertrag mit Grundleistungen mit der X-GmbH ab. Die Kl\u00e4gerin setzte die Mieteinnahmen als Eink\u00fcnfte aus Vermietung und Verpachtung an. Das Finanzamt behandelte diese jedoch als gewerbliche Eink\u00fcnfte, da der Rahmen einer privaten Verm\u00f6gensverwaltung \u00fcberschritten wurde.<\/p>\n<p><b>Entscheidung<\/b><\/p>\n<p>Das Finanzgericht urteilte zugunsten der Kl\u00e4gerin und entschied, dass diese nicht gewerblich t\u00e4tig ist. Ein Gewerbebetrieb liegt vor, wenn wegen nicht \u00fcblicher Sonderleistungen des Vermieters von einem gewerblichen Beherbergungsbetrieb (Hotel, Fremdenpension) auszugehen ist. Erbringt ein Dritter zus\u00e4tzliche Leistungen, sind diese dem Vermieter nur dann zuzurechnen, wenn sie der Dritte aufgrund eines Gesch\u00e4ftsbesorgungsvertrags f\u00fcr den Vermieter erbracht hat.<\/p>\n<p>Zwar m\u00fcssen im vorliegenden Fall die Mieter die Grundleistungen der X-GmbH in Anspruch nehmen. Dies reicht allerdings nicht aus, um die T\u00e4tigkeit der Kl\u00e4gerin als gewerblich zu qualifizieren. Im Ergebnis f\u00fchren blo\u00dfe unterst\u00fctzende Leistungen f\u00fcr die altersad\u00e4quate Wohnungsnutzung der Mieter nicht zu einer Gewerblichkeit der Vermietung.<\/p>\n","protected":false},"excerpt":{"rendered":"<p>Betreutes Wohnen: Wann liegt ein Gewerbebetrieb vor? Werden Wohnungen im Rahmen des sog. betreuten Wohnens vermietet, sind die Ertr\u00e4ge keine Einnahmen aus Gewerbebetrieb, sondern sind als Einnahmen aus Vermietung und Verpachtung zu qualifizieren. Das gilt auch, wenn von dem Vermieter zus\u00e4tzlich unterst\u00fctzende Leistungen f\u00fcr die altersad\u00e4quate Wohnungsnutzung der Mieter erbracht werden. Hintergrund Die Kl\u00e4gerin, eine &hellip; <a href=\"https:\/\/www.steuerschroeder.de\/blog\/betreutes-wohnen-wann-liegt-ein-gewerbebetrieb-vor\/\" class=\"more-link\"><span class=\"screen-reader-text\">Betreutes Wohnen: Wann liegt ein Gewerbebetrieb vor?<\/span> weiterlesen <span class=\"meta-nav\">&rarr;<\/span><\/a><\/p>\n","protected":false},"author":2,"featured_media":0,"comment_status":"closed","ping_status":"closed","sticky":false,"template":"","format":"standard","meta":[],"categories":[15],"tags":[97],"_links":{"self":[{"href":"https:\/\/www.steuerschroeder.de\/blog\/wp-json\/wp\/v2\/posts\/45161"}],"collection":[{"href":"https:\/\/www.steuerschroeder.de\/blog\/wp-json\/wp\/v2\/posts"}],"about":[{"href":"https:\/\/www.steuerschroeder.de\/blog\/wp-json\/wp\/v2\/types\/post"}],"author":[{"embeddable":true,"href":"https:\/\/www.steuerschroeder.de\/blog\/wp-json\/wp\/v2\/users\/2"}],"replies":[{"embeddable":true,"href":"https:\/\/www.steuerschroeder.de\/blog\/wp-json\/wp\/v2\/comments?post=45161"}],"version-history":[{"count":0,"href":"https:\/\/www.steuerschroeder.de\/blog\/wp-json\/wp\/v2\/posts\/45161\/revisions"}],"wp:attachment":[{"href":"https:\/\/www.steuerschroeder.de\/blog\/wp-json\/wp\/v2\/media?parent=45161"}],"wp:term":[{"taxonomy":"category","embeddable":true,"href":"https:\/\/www.steuerschroeder.de\/blog\/wp-json\/wp\/v2\/categories?post=45161"},{"taxonomy":"post_tag","embeddable":true,"href":"https:\/\/www.steuerschroeder.de\/blog\/wp-json\/wp\/v2\/tags?post=45161"}],"curies":[{"name":"wp","href":"https:\/\/api.w.org\/{rel}","templated":true}]}}