{"id":48121,"date":"2018-05-11T16:44:24","date_gmt":"2018-05-11T14:44:24","guid":{"rendered":"http:\/\/www.steuerschroeder.de\/blog\/?p=48121"},"modified":"2018-05-11T16:44:24","modified_gmt":"2018-05-11T14:44:24","slug":"steuererklaerungsfristen-2017","status":"publish","type":"post","link":"https:\/\/www.steuerschroeder.de\/blog\/steuererklaerungsfristen-2017\/","title":{"rendered":"Steuererkl\u00e4rungsfristen 2017"},"content":{"rendered":"<ol>\n<li>Steuererkl\u00e4rungen f\u00fcr das Kalenderjahr 2017<\/li>\n<\/ol>\n<p>2. Fristverl\u00e4ngerung<\/p>\n<p><strong>Vorbemerkung <\/strong><\/p>\n<p><strong>\u00a0<\/strong>\u00a7 109 und 149 der Abgabenordnung (AO) in der Fassung des Gesetzes zur Modernisierung des Besteuerungsverfahrens (StModernG) vom 18. Juli 2016 (BGBl. I S. 1679) sind zwar am 1. Januar 2017 in Kraft getreten. Die neuen Regelungen sind allerdings erstmals anzuwenden f\u00fcr Besteuerungszeitr\u00e4ume, die nach dem 31. Dezember 2017 beginnen, und Besteuerungs-zeitpunkte, die nach dem 31. Dezember 2017 liegen (Artikel 97 \u00a7 10a Absatz 4 Satz 1 des Einf\u00fchrungsgesetzes zur Abgabenordnung (EGAO) i. d. F. des StModernG). F\u00fcr Besteue-rungszeitr\u00e4ume, die vor dem 1. Januar 2018 beginnen, und Besteuerungszeitpunkte, die vor dem 1. Januar 2018 liegen, sind daher weiterhin \u00a7\u00a7 109 und 149 AO in der bis zum 31. Dezember 2016 geltenden Fassung anzuwenden.<\/p>\n<p>&nbsp;<\/p>\n<ol>\n<li><strong> Abgabefrist f\u00fcr Steuererkl\u00e4rungen<\/strong><\/li>\n<\/ol>\n<p>(1) F\u00fcr das Kalenderjahr 2017 sind die Erkl\u00e4rungen<\/p>\n<p>&#8211; zur E i n k o m m e n s t e u e r &#8211; einschlie\u00dflich der Erkl\u00e4rungen zur gesonderten sowie zur gesonderten und einheitlichen Feststellung von Grundlagen f\u00fcr die Einkommens-besteuerung sowie zur gesonderten Feststellung des verbleibenden Verlustvortrags -,<\/p>\n<p>&#8211; zur K \u00f6 r p e r s c h a f t s t e u e r &#8211; einschlie\u00dflich der Erkl\u00e4rungen zu gesonderten Fest-stellungen von Besteuerungsgrundlagen, die in Zusammenhang mit der K\u00f6rperschaft-steuerveranlagung durchzuf\u00fchren sind, sowie f\u00fcr die Zerlegung der K\u00f6rperschaftsteuer<\/p>\n<p>&#8211; zur G e w e r b e s t e u e r &#8211; einschlie\u00dflich der Erkl\u00e4rungen zur gesonderten Feststellung des vortragsf\u00e4higen Gewerbeverlustes und zur gesonderten Feststellung des Zuwendungs-vortrags sowie f\u00fcr die Zerlegung des Steuermessbetrags -,<\/p>\n<p>&#8211; zur U m s a t z s t e u e r sowie<\/p>\n<p>&#8211; zur gesonderten oder zur gesonderten und einheitlichen Feststellung nach \u00a7 18 des Au\u00dfen-steuergesetzes<\/p>\n<p>nach \u00a7 149 Absatz 2 AO (in der f\u00fcr den Besteuerungszeitraum 2017 anzuwendenden Fassung)<\/p>\n<p><strong>b i s\u00a0 z u m\u00a0 3 1. M a i\u00a0 2 0 1 8<\/strong><\/p>\n<p>bei den Finanz\u00e4mtern abzugeben.<\/p>\n<p>(2) Bei Steuerpflichtigen, die den Gewinn aus Land- und Forstwirtschaft nach einem vom Kalenderjahr abweichenden Wirtschaftsjahr ermitteln, endet die Frist nicht vor Ablauf des f\u00fcnften Monats, der auf den Schluss des Wirtschaftsjahres 2017\/2018 folgt.<\/p>\n<p>&nbsp;<\/p>\n<ol>\n<li><strong> Fristverl\u00e4ngerung<\/strong><\/li>\n<\/ol>\n<p>(1) Sofern die vorbezeichneten Steuererkl\u00e4rungen durch Personen, Gesellschaften, Verb\u00e4nde, Vereinigungen, Beh\u00f6rden oder K\u00f6rperschaften im Sinne der \u00a7\u00a7 3 und 4 StBerG angefertigt werden, wird vorbehaltlich des Absatzes 2 die Frist nach \u00a7 109 AO (in der f\u00fcr den Besteuerungszeitraum 2017 anzuwendenden Fassung) allgemein<\/p>\n<p><strong>b i s\u00a0 z u m\u00a0 3 1. D e z e m b e r\u00a0 2 0 1 8<\/strong><\/p>\n<p>verl\u00e4ngert. Bei Steuererkl\u00e4rungen f\u00fcr Steuerpflichtige, die den Gewinn aus Land- und Forst-wirtschaft nach einem vom Kalenderjahr abweichenden Wirtschaftsjahr ermitteln (Abschnitt I Absatz 2), tritt an die Stelle des 31. Dezember 2018 der 31. Mai 2019.<\/p>\n<p>(2) Es bleibt den Finanz\u00e4mtern vorbehalten, Erkl\u00e4rungen mit angemessener Frist f\u00fcr einen Zeitpunkt vor Ablauf der allgemein verl\u00e4ngerten Frist anzufordern. Von dieser M\u00f6glichkeit soll insbesondere Gebrauch gemacht werden, wenn<\/p>\n<p>&#8211; f\u00fcr den vorangegangenen Veranlagungszeitraum die erforderlichen Erkl\u00e4rungen versp\u00e4-tet oder nicht abgegeben wurden,<\/p>\n<p>&#8211; f\u00fcr den vorangegangenen Veranlagungszeitraum kurz vor Abgabe der Erkl\u00e4rung bzw. vor dem Ende der Karenzzeit nach \u00a7 233a Absatz 2 Satz 1 AO nachtr\u00e4gliche Vorauszahlungen festgesetzt wurden,<\/p>\n<p>&#8211; sich aus der Veranlagung f\u00fcr den vorangegangenen Veranlagungszeitraum eine hohe Abschlusszahlung ergeben hat,<\/p>\n<p>&#8211; hohe Abschlusszahlungen erwartet werden,<\/p>\n<p>&#8211; f\u00fcr Beteiligte an Gesellschaften und Gemeinschaften Verluste festzustellen sind oder<\/p>\n<p>&#8211; die Arbeitslage der Finanz\u00e4mter es erfordert.<\/p>\n<p>Im \u00dcbrigen wird davon ausgegangen, dass die Erkl\u00e4rungen laufend fertig gestellt und unver-z\u00fcglich eingereicht werden.<\/p>\n<p>(3) Aufgrund begr\u00fcndeter Einzelantr\u00e4ge kann die Frist f\u00fcr die Abgabe der Steuererkl\u00e4rungen bis zum 28. Februar 2019 bzw. in den F\u00e4llen des Abschnitts I Absatz 2 bis zum 31. Juli 2019 verl\u00e4ngert werden. Eine weitergehende Fristverl\u00e4ngerung kommt grunds\u00e4tzlich nicht in Betracht.<\/p>\n<p>(4) Die allgemeine Fristverl\u00e4ngerung gilt nicht f\u00fcr Antr\u00e4ge auf Steuerverg\u00fctungen. Sie gilt auch nicht f\u00fcr die Abgabe von Umsatzsteuererkl\u00e4rungen, wenn die gewerbliche oder beruf-liche T\u00e4tigkeit mit Ablauf des 31. Dezember 2017 endete. Hat die gewerbliche oder beruf-liche T\u00e4tigkeit vor dem 31. Dezember 2017 geendet, ist die Umsatzsteuererkl\u00e4rung f\u00fcr das Kalenderjahr einen Monat nach Beendigung der gewerblichen oder beruflichen T\u00e4tigkeit abzugeben (\u00a7 18 Absatz 3 Satz 2 i. V. m. \u00a7 16 Absatz 3 des Umsatzsteuergesetzes).<\/p>\n","protected":false},"excerpt":{"rendered":"<p>Steuererkl\u00e4rungen f\u00fcr das Kalenderjahr 2017 2. Fristverl\u00e4ngerung Vorbemerkung \u00a0\u00a7 109 und 149 der Abgabenordnung (AO) in der Fassung des Gesetzes zur Modernisierung des Besteuerungsverfahrens (StModernG) vom 18. Juli 2016 (BGBl. I S. 1679) sind zwar am 1. Januar 2017 in Kraft getreten. Die neuen Regelungen sind allerdings erstmals anzuwenden f\u00fcr Besteuerungszeitr\u00e4ume, die nach dem 31. &hellip; <a href=\"https:\/\/www.steuerschroeder.de\/blog\/steuererklaerungsfristen-2017\/\" class=\"more-link\"><span class=\"screen-reader-text\">Steuererkl\u00e4rungsfristen 2017<\/span> weiterlesen <span class=\"meta-nav\">&rarr;<\/span><\/a><\/p>\n","protected":false},"author":2,"featured_media":0,"comment_status":"closed","ping_status":"closed","sticky":false,"template":"","format":"standard","meta":[],"categories":[1730],"tags":[],"_links":{"self":[{"href":"https:\/\/www.steuerschroeder.de\/blog\/wp-json\/wp\/v2\/posts\/48121"}],"collection":[{"href":"https:\/\/www.steuerschroeder.de\/blog\/wp-json\/wp\/v2\/posts"}],"about":[{"href":"https:\/\/www.steuerschroeder.de\/blog\/wp-json\/wp\/v2\/types\/post"}],"author":[{"embeddable":true,"href":"https:\/\/www.steuerschroeder.de\/blog\/wp-json\/wp\/v2\/users\/2"}],"replies":[{"embeddable":true,"href":"https:\/\/www.steuerschroeder.de\/blog\/wp-json\/wp\/v2\/comments?post=48121"}],"version-history":[{"count":0,"href":"https:\/\/www.steuerschroeder.de\/blog\/wp-json\/wp\/v2\/posts\/48121\/revisions"}],"wp:attachment":[{"href":"https:\/\/www.steuerschroeder.de\/blog\/wp-json\/wp\/v2\/media?parent=48121"}],"wp:term":[{"taxonomy":"category","embeddable":true,"href":"https:\/\/www.steuerschroeder.de\/blog\/wp-json\/wp\/v2\/categories?post=48121"},{"taxonomy":"post_tag","embeddable":true,"href":"https:\/\/www.steuerschroeder.de\/blog\/wp-json\/wp\/v2\/tags?post=48121"}],"curies":[{"name":"wp","href":"https:\/\/api.w.org\/{rel}","templated":true}]}}