{"id":48485,"date":"2018-06-26T16:38:16","date_gmt":"2018-06-26T14:38:16","guid":{"rendered":"http:\/\/www.steuerschroeder.de\/blog\/?p=48485"},"modified":"2018-06-26T16:38:16","modified_gmt":"2018-06-26T14:38:16","slug":"neuregelung-der-grundsteuer","status":"publish","type":"post","link":"https:\/\/www.steuerschroeder.de\/blog\/neuregelung-der-grundsteuer\/","title":{"rendered":"Neuregelung der Grundsteuer"},"content":{"rendered":"<h2>\u00a0<strong>Kleine Anfrage\u00a0<\/strong><strong>der Abgeordneten Stefan Schmidt, Britta Ha\u00dfelmann, Daniela Wagner,\u00a0 Christian K\u00fchn (T\u00fcbingen), Lisa Paus, Dr. Danyal Bayaz, Dr. Gerhard Schick,\u00a0 Anja Hajduk, Dieter Janecek, Beate M\u00fcller-Gemmeke, Corinna R\u00fcffer und der Fraktion B\u00dcNDNIS 90\/DIE GR\u00dcNEN <\/strong><\/h2>\n<p>Der erste Senat des Bundesverfassungsgerichts hat in seinem Urteil vom 10. April 2018 festgestellt, dass die derzeitige Bemessungsgrundlage der Grundsteuer zu\u00admindest seit dem Beginn des Jahres 2002 gegen den allgemeinen Gleichheitssatz des Artikel 3 Absatz 1 des Grundgesetzes (GG) verst\u00f6\u00dft.<\/p>\n<p>Die Richterinnen und Richter des Bundesverfassungsgerichts haben mit dem 31. Dezember 2019 eine enge Frist gesetzt, um eine gesetzliche Neuregelung zu finden und die rund 14 Mrd. Euro Einnahmen aus der Grundsteuer f\u00fcr die Kom\u00admunen in Deutschland zu sichern.<\/p>\n<p>Am 2. Mai 2018 fand ein erstes Treffen zwischen Vertreterinnen und Vertretern der Bundesregierung sowie der Bundesl\u00e4nder statt, um sich \u00fcber eine Neurege\u00adlung der Grundsteuer auszutauschen. Dabei soll laut Medienberichten auch\u00a0 ein Pr\u00fcfauftrag in Bezug auf die Machbarkeit verschiedener Modelle erteilt worden sein (www.zeit.de\/news\/2018-05\/02\/finanzminister-modelle-zur-neuen-grundsteuer- pruefen-180502-99-147622).<\/p>\n<p>Wir fragen die Bundesregierung:<\/p>\n<ol>\n<li><\/li>\n<\/ol>\n<p>Waren bei dem Treffen am 2. Mai 2018 Vertreterinnen und Vertreter aller 16 Bundesl\u00e4nder anwesend, und falls nein, welche Bundesl\u00e4nder waren nicht vertreten?<\/p>\n<p>&nbsp;<\/p>\n<p>Zu welchen konkreten Ergebnissen zum weiteren Vorgehen bei der Neure\u00adgelung der Grundsteuer kamen die Vertreterinnen und Vertreter von Bund und L\u00e4ndern bei ihrem Treffen am 2. Mai 2018?<\/p>\n<p>&nbsp;<\/p>\n<p>Inwieweit hat sich die Bundesregierung in diesen Gespr\u00e4chen inhaltlich po\u00adsitioniert, und welche Position hat sie dabei vertreten?<\/p>\n<p>&nbsp;<\/p>\n<p>Wurde bei diesem Treffen ein Zeitplan zur Neuregelung der Grundsteuer vereinbart?<\/p>\n<p>&nbsp;<\/p>\n<ul>\n<li><\/li>\n<\/ul>\n<p>Falls ja, wie sieht dieser Zeitplan konkret aus?<\/p>\n<p>&nbsp;<\/p>\n<p>Falls nein, wann rechnet die Bundesregierung mit einer Einigung \u00fcber ei\u00adnen Zeitplan?<\/p>\n<p>&nbsp;<\/p>\n<ol>\n<li><\/li>\n<\/ol>\n<p>F\u00fcr wann ist das n\u00e4chste Treffen zwischen Vertreterinnen und Vertreter von Bund und L\u00e4ndern zur Neuregelung der Grundsteuer geplant, und in wel\u00adchem Format soll dieses Treffen stattfinden?<\/p>\n<p>&nbsp;<\/p>\n<p>Was ist der genaue Gegenstand des Arbeitsauftrags zur \u00dcberpr\u00fcfung\u00a0 der Machbarkeit verschiedener Reformmodelle (vgl. www.zeit.de\/news\/2018- 05\/02\/finanzminister-modelle-zur-neuen-grundsteuer-pruefen-180502-99- 147622)?<\/p>\n<p>&nbsp;<\/p>\n<p>An welche Stellen des Bundes bzw. der L\u00e4nder ist dieser Arbeitsauftrag er\u00adteilt worden, und von wem?<\/p>\n<p>&nbsp;<\/p>\n<p>Welche Modelle zur Neuregelung der Grundsteuer sollen in diesem Zusam\u00admenhang \u00fcberpr\u00fcft werden (bitte einzeln auff\u00fchren und jeweils die Berech\u00adnungsgrundlage erl\u00e4utern)?<\/p>\n<p>&nbsp;<\/p>\n<p>Auf Grundlage welcher Kriterien wurden diese Modelle f\u00fcr die \u00dcberpr\u00fcfung ausgew\u00e4hlt?<\/p>\n<p>&nbsp;<\/p>\n<p>Sind bei der \u00dcberpr\u00fcfung folgende Modelle enthalten: Kostenwertmodell, Verkehrswertmodell, Bodenwertsteuer, Difu-Modell (Difu = Deutsches Institut f\u00fcr Urbanistik), wertunabh\u00e4ngiges Modell oder Fl\u00e4chensteuermodell, und wenn nein, warum nicht (bitte einzeln begr\u00fcnden)?<\/p>\n<p>&nbsp;<\/p>\n<p>Werden in diesem Zusammenhang auch die Belastungsverschiebungen je nach Modell gepr\u00fcft?<\/p>\n<p>&nbsp;<\/p>\n<p>Falls nein, welche alternativen Vorschl\u00e4ge einer gerechten Ausgestaltung der Grundsteuer werden diskutiert?<\/p>\n<ol>\n<li><\/li>\n<\/ol>\n<p>Inwieweit werden die Modelle auch hinsichtlich ihrer Vereinbarkeit mit dem Grundgesetz sowie dem Urteil des Bundesverfassungsgerichts vom 10. April 2018 \u00fcberpr\u00fcft?<\/p>\n<p>&nbsp;<\/p>\n<p>Wird in diesem Zusammenhang auch die Abschaffung der Umlagef\u00e4higkeit der Grundsteuer auf die Mieterinnen und Mieter \u00fcberpr\u00fcft, und wenn nein, warum nicht?<\/p>\n<p>&nbsp;<\/p>\n<p>Wann ist mit Ergebnissen der in Auftrag gegebenen \u00dcberpr\u00fcfung zu rech\u00adnen?<\/p>\n<p>&nbsp;<\/p>\n<p>Werden die Ergebnisse dieser \u00dcberpr\u00fcfung auch den Mitgliedern des Deut\u00adschen Bundestages zug\u00e4nglich gemacht, wenn ja, wann?<\/p>\n<p>&nbsp;<\/p>\n<p>Bestand bei dem Treffen Konsens bzw. die mehrheitliche Auffassung, die Grundsteuer B<\/p>\n<p>&nbsp;<\/p>\n<ul>\n<li><\/li>\n<\/ul>\n<p>mindestens aufkommensneutral zu ersetzen, und falls nein, welche alter\u00adnativen Vorschl\u00e4ge wurden benannt;<\/p>\n<p>&nbsp;<\/p>\n<p>weiterhin bundesweit einheitlich zu regeln, und falls nein, wer hat f\u00fcr wel\u00adche Alternativen geworben;<\/p>\n<p>&nbsp;<\/p>\n<p>als kommunale Einnahmequelle zu erhalten, und falls nein, welche alter\u00adnativen Vorschl\u00e4ge wurden benannt;<\/p>\n<p>&nbsp;<\/p>\n<p>wertorientiert auszugestalten, und falls nein, wer hat f\u00fcr welche Alterna\u00adtiven geworben;<\/p>\n<p>&nbsp;<\/p>\n<p>an \u00f6kologischen Kriterien, wie z. B. der Begrenzung von Fl\u00e4chenfra\u00df, auszurichten;<\/p>\n<p>&nbsp;<\/p>\n<p>auf Basis des vorliegenden L\u00e4nderkompromisses zu reformieren, und welche L\u00e4nder haben Zustimmung bzw. Ablehnung gegen\u00fcber dem auf L\u00e4nderebene vereinbarten Modell ge\u00e4u\u00dfert?<\/p>\n<p>&nbsp;<\/p>\n<p>&nbsp;<\/p>\n<ol>\n<li><\/li>\n<\/ol>\n<p>Bestand bei dem Treffen Konsens bzw. die mehrheitliche Auffassung,<\/p>\n<p>&nbsp;<\/p>\n<ul>\n<li><\/li>\n<\/ul>\n<p>die Umlagef\u00e4higkeit der Grundsteuer auf die Mieterinnen und Mieter zu\u00adk\u00fcnftig abzuschaffen, und falls nein, welchen Alternativen zur Begren\u00adzung weiterer Mietsteigerungen wurden diskutiert?<\/p>\n<p>&nbsp;<\/p>\n<p>dass den Kommunen weiterhin das Recht zustehen soll, den Hebesatz der Steuer festzulegen?<\/p>\n<p>&nbsp;<\/p>\n<ol>\n<li><\/li>\n<\/ol>\n<p>Welche Vorkehrungen werden seitens der Bundesregierung f\u00fcr den Fall ge\u00adtroffen, dass keines der \u00fcberpr\u00fcften Modelle als im gesetzten Zeitrahmen machbar und verfassungskonform eingestuft wird?<\/p>\n<p>&nbsp;<\/p>\n<p>Plant die Bundesregierung in Zuge der Neuregelung der Grundsteuer auch eine Novelle der Verordnung \u00fcber die Aufstellung von Betriebskosten, mit dem Ziel, die Umlagef\u00e4higkeit der Grundsteuer auf die Mieterinnen und Mie\u00adter zu beenden, und wenn ja, wann, wenn nein, warum nicht?<\/p>\n<p>&nbsp;<\/p>\n<p>Wurde im Rahmen des Gespr\u00e4chs auch \u00fcber die von der Bundesregierung geplante (Wieder-)Einf\u00fchrung einer Grundsteuer C gesprochen?<\/p>\n<p>&nbsp;<\/p>\n<ul>\n<li><\/li>\n<\/ul>\n<p>Wenn ja, verfolgen auch die L\u00e4nder die Absicht eine Grundsteuer C im Rahmen der Neuregelung der Grundsteuer B (wieder-)einzuf\u00fchren?<\/p>\n<p>&nbsp;<\/p>\n<p>Wenn nein, wie lautet der Zeitplan f\u00fcr Gespr\u00e4che \u00fcber eine (Wieder-)Ein\u00adf\u00fchrung einer Grundsteuer C?<\/p>\n<p>&nbsp;<\/p>\n<ol>\n<li><\/li>\n<\/ol>\n<p>Wurde im Rahmen des Gespr\u00e4chs auch \u00fcber eine Reform der Grundsteuer A gesprochen?<\/p>\n<p>&nbsp;<\/p>\n<p>Wenn ja, inwiefern sehen Bundesregierung und L\u00e4nder auch hier den Bedarf einer Neuregelung?<\/p>\n<ol>\n<li><\/li>\n<\/ol>\n<p>Inwieweit besteht nach Einsch\u00e4tzung der Bundesregierung bei einer grund\u00adlegenden Neuregelung der Grundsteuer die Notwendigkeit, auch das Grund\u00adgesetz, insbesondere Artikel 105 GG, anzupassen?<\/p>\n<p>&nbsp;<\/p>\n<p>Berlin, den 14. Mai 2018<\/p>\n<p><strong>Katrin G\u00f6ring-Eckardt, Dr. Anton Hofreiter und Fraktion<\/strong><\/p>\n","protected":false},"excerpt":{"rendered":"<p>\u00a0Kleine Anfrage\u00a0der Abgeordneten Stefan Schmidt, Britta Ha\u00dfelmann, Daniela Wagner,\u00a0 Christian K\u00fchn (T\u00fcbingen), Lisa Paus, Dr. Danyal Bayaz, Dr. Gerhard Schick,\u00a0 Anja Hajduk, Dieter Janecek, Beate M\u00fcller-Gemmeke, Corinna R\u00fcffer und der Fraktion B\u00dcNDNIS 90\/DIE GR\u00dcNEN Der erste Senat des Bundesverfassungsgerichts hat in seinem Urteil vom 10. April 2018 festgestellt, dass die derzeitige Bemessungsgrundlage der Grundsteuer zu\u00admindest &hellip; <a href=\"https:\/\/www.steuerschroeder.de\/blog\/neuregelung-der-grundsteuer\/\" class=\"more-link\"><span class=\"screen-reader-text\">Neuregelung der Grundsteuer<\/span> weiterlesen <span class=\"meta-nav\">&rarr;<\/span><\/a><\/p>\n","protected":false},"author":2,"featured_media":0,"comment_status":"closed","ping_status":"closed","sticky":false,"template":"","format":"standard","meta":[],"categories":[1730],"tags":[],"_links":{"self":[{"href":"https:\/\/www.steuerschroeder.de\/blog\/wp-json\/wp\/v2\/posts\/48485"}],"collection":[{"href":"https:\/\/www.steuerschroeder.de\/blog\/wp-json\/wp\/v2\/posts"}],"about":[{"href":"https:\/\/www.steuerschroeder.de\/blog\/wp-json\/wp\/v2\/types\/post"}],"author":[{"embeddable":true,"href":"https:\/\/www.steuerschroeder.de\/blog\/wp-json\/wp\/v2\/users\/2"}],"replies":[{"embeddable":true,"href":"https:\/\/www.steuerschroeder.de\/blog\/wp-json\/wp\/v2\/comments?post=48485"}],"version-history":[{"count":0,"href":"https:\/\/www.steuerschroeder.de\/blog\/wp-json\/wp\/v2\/posts\/48485\/revisions"}],"wp:attachment":[{"href":"https:\/\/www.steuerschroeder.de\/blog\/wp-json\/wp\/v2\/media?parent=48485"}],"wp:term":[{"taxonomy":"category","embeddable":true,"href":"https:\/\/www.steuerschroeder.de\/blog\/wp-json\/wp\/v2\/categories?post=48485"},{"taxonomy":"post_tag","embeddable":true,"href":"https:\/\/www.steuerschroeder.de\/blog\/wp-json\/wp\/v2\/tags?post=48485"}],"curies":[{"name":"wp","href":"https:\/\/api.w.org\/{rel}","templated":true}]}}