{"id":50092,"date":"2019-03-22T20:06:47","date_gmt":"2019-03-22T18:06:47","guid":{"rendered":"http:\/\/www.steuerschroeder.de\/blog\/?p=50092"},"modified":"2019-03-22T20:06:47","modified_gmt":"2019-03-22T18:06:47","slug":"hartz-iv-bei-haftunterbrechung","status":"publish","type":"post","link":"https:\/\/www.steuerschroeder.de\/blog\/hartz-iv-bei-haftunterbrechung\/","title":{"rendered":"Hartz-IV bei Haftunterbrechung"},"content":{"rendered":"<article>\n<h2>Strafgefangene haben grunds\u00e4tzlich keinen Anspruch auf Hartz-IV-Leistungen, da sie im Gef\u00e4ngnis versorgt sind. Was aber bei Haftunterbrechungen geschieht, hat nun das Landessozialgericht Niedersachsen-Bremen (LSG) gekl\u00e4rt.<\/h2>\n<\/article>\n<article>Geklagt hatte ein 50-j\u00e4hriger Langzeith\u00e4ftling aus S\u00fcdniedersachsen, der vor seiner Inhaftierung obdachlos war. Im Jahre 2016 wurde er herzkrank und brauchte eine Bypass-Operation im Uni-Klinikum G\u00f6ttingen. Krankenhausbehandlung und Reha dauerten ca. drei Wochen. F\u00fcr diese Zeit wollte er Unterst\u00fctzung, da er kein Geld und kaum Kleidung hatte, die er au\u00dferhalb der Haft tragen konnte.<\/p>\n<p>Das Jobcenter lehnte den Antrag ab, da Leistungen f\u00fcr Strafgefangene gesetzlich ausgeschlossen seien. Der Kl\u00e4ger sei noch nicht entlassen und die Haft werde nach der Behandlung fortgesetzt.<\/p>\n<p>Das LSG hat das Jobcenter zur Gew\u00e4hrung des Regelbedarfs verurteilt. Zur Begr\u00fcndung hat es ausgef\u00fchrt, dass der Leistungsausschluss wegen Aufenthalts in einer Vollzugseinrichtung nicht gelte, wenn die Vollstreckung der Freiheitsstrafe f\u00fcr die Dauer eines station\u00e4ren Heilverfahrens au\u00dferhalb des Strafvollzugs unterbrochen wird. In dieser Zeit sei der Kl\u00e4ger kein Strafgefangener, denn die Haftzeit verschiebe sich insgesamt um die Dauer der Behandlung. Es sei auch nicht entscheidend, dass es nur um Leistungen f\u00fcr drei Wochen gehe, denn das SGB II kenne keine zeitliche Mindestgrenze der Hilfebed\u00fcrftigkeit. Der Kl\u00e4ger m\u00fcsse sich auch nicht die Vollverpflegung in Krankenhaus und Rehaklinik anrechnen lassen, da der Regelbedarf pauschaliert sei. Eine individuelle Berechnung sei nicht vorgesehen &#8211; weder zugunsten noch zulasten des Berechtigten.<\/p>\n<div class=\"clearfix\"><\/div>\n<\/article>\n<p id=\"source\">Quelle: LSG Niedersachsen-Bremen, Pressemitteilung vom 18.03.2019 zum Urteil L 11 AS 474\/17 vom 26.02.2019<\/p>\n","protected":false},"excerpt":{"rendered":"<p>Strafgefangene haben grunds\u00e4tzlich keinen Anspruch auf Hartz-IV-Leistungen, da sie im Gef\u00e4ngnis versorgt sind. Was aber bei Haftunterbrechungen geschieht, hat nun das Landessozialgericht Niedersachsen-Bremen (LSG) gekl\u00e4rt. Geklagt hatte ein 50-j\u00e4hriger Langzeith\u00e4ftling aus S\u00fcdniedersachsen, der vor seiner Inhaftierung obdachlos war. Im Jahre 2016 wurde er herzkrank und brauchte eine Bypass-Operation im Uni-Klinikum G\u00f6ttingen. Krankenhausbehandlung und Reha dauerten &hellip; <a href=\"https:\/\/www.steuerschroeder.de\/blog\/hartz-iv-bei-haftunterbrechung\/\" class=\"more-link\"><span class=\"screen-reader-text\">Hartz-IV bei Haftunterbrechung<\/span> weiterlesen <span class=\"meta-nav\">&rarr;<\/span><\/a><\/p>\n","protected":false},"author":2,"featured_media":0,"comment_status":"closed","ping_status":"closed","sticky":false,"template":"","format":"standard","meta":[],"categories":[1730],"tags":[],"_links":{"self":[{"href":"https:\/\/www.steuerschroeder.de\/blog\/wp-json\/wp\/v2\/posts\/50092"}],"collection":[{"href":"https:\/\/www.steuerschroeder.de\/blog\/wp-json\/wp\/v2\/posts"}],"about":[{"href":"https:\/\/www.steuerschroeder.de\/blog\/wp-json\/wp\/v2\/types\/post"}],"author":[{"embeddable":true,"href":"https:\/\/www.steuerschroeder.de\/blog\/wp-json\/wp\/v2\/users\/2"}],"replies":[{"embeddable":true,"href":"https:\/\/www.steuerschroeder.de\/blog\/wp-json\/wp\/v2\/comments?post=50092"}],"version-history":[{"count":0,"href":"https:\/\/www.steuerschroeder.de\/blog\/wp-json\/wp\/v2\/posts\/50092\/revisions"}],"wp:attachment":[{"href":"https:\/\/www.steuerschroeder.de\/blog\/wp-json\/wp\/v2\/media?parent=50092"}],"wp:term":[{"taxonomy":"category","embeddable":true,"href":"https:\/\/www.steuerschroeder.de\/blog\/wp-json\/wp\/v2\/categories?post=50092"},{"taxonomy":"post_tag","embeddable":true,"href":"https:\/\/www.steuerschroeder.de\/blog\/wp-json\/wp\/v2\/tags?post=50092"}],"curies":[{"name":"wp","href":"https:\/\/api.w.org\/{rel}","templated":true}]}}