{"id":57699,"date":"2020-03-07T17:08:44","date_gmt":"2020-03-07T15:08:44","guid":{"rendered":"http:\/\/www.steuerschroeder.de\/blog\/?p=57699"},"modified":"2020-03-07T17:08:44","modified_gmt":"2020-03-07T15:08:44","slug":"energetische-sanierung-bei-der-steuer-absetzen","status":"publish","type":"post","link":"https:\/\/www.steuerschroeder.de\/blog\/energetische-sanierung-bei-der-steuer-absetzen\/","title":{"rendered":"Energetische Sanierung bei der Steuer absetzen"},"content":{"rendered":"<article><span style=\"font-size: 16px; font-weight: 400;\">Neues Dach, ged\u00e4mmte W\u00e4nde, energiesparende Fenster: Wer sein Haus vom Profi sanieren l\u00e4sst und dadurch den Energiestandard verbessert, kann die Kosten in der Steuererkl\u00e4rung absetzen. Details will das Bundesfinanzministerium in einem Verwaltungsschreiben kl\u00e4ren. Das ist gut so, schlie\u00dflich gibt es noch einige offene Punkte. In unserer Stellungnahme zeigen wir anhand von F\u00e4llen aus der Praxis, wo Kl\u00e4rungsbedarf besteht.<\/span><\/p>\n<\/article>\n<article>Ist der alte Dachbalken f\u00fcr die neue D\u00e4mmung zu schmal und entstehen dadurch Zusatzkosten? D\u00fcrfen die Kosten f\u00fcr die Energieberatung des Architekten bei der Steuer abgezogen werden, auch wenn dieser kein ausgewiesener Energieexperte ist? K\u00f6nnen auch dann Steuern gespart werden, wenn das Haus noch eine vermietete Einliegerwohnung hat?<\/p>\n<p>Der BdSt meint: ja! Deshalb wird beim Ministerium angeregt, diese und weitere Praxisfragen zu beantworten.<\/p>\n<\/article>\n<p id=\"source\">Quelle: Bund der Steuerzahler, Mitteilung vom 02.03.2020<\/p>\n","protected":false},"excerpt":{"rendered":"<p>Neues Dach, ged\u00e4mmte W\u00e4nde, energiesparende Fenster: Wer sein Haus vom Profi sanieren l\u00e4sst und dadurch den Energiestandard verbessert, kann die Kosten in der Steuererkl\u00e4rung absetzen. Details will das Bundesfinanzministerium in einem Verwaltungsschreiben kl\u00e4ren. Das ist gut so, schlie\u00dflich gibt es noch einige offene Punkte. In unserer Stellungnahme zeigen wir anhand von F\u00e4llen aus der Praxis, &hellip; <a href=\"https:\/\/www.steuerschroeder.de\/blog\/energetische-sanierung-bei-der-steuer-absetzen\/\" class=\"more-link\"><span class=\"screen-reader-text\">Energetische Sanierung bei der Steuer absetzen<\/span> weiterlesen <span class=\"meta-nav\">&rarr;<\/span><\/a><\/p>\n","protected":false},"author":2,"featured_media":0,"comment_status":"closed","ping_status":"closed","sticky":false,"template":"","format":"standard","meta":[],"categories":[1730],"tags":[],"_links":{"self":[{"href":"https:\/\/www.steuerschroeder.de\/blog\/wp-json\/wp\/v2\/posts\/57699"}],"collection":[{"href":"https:\/\/www.steuerschroeder.de\/blog\/wp-json\/wp\/v2\/posts"}],"about":[{"href":"https:\/\/www.steuerschroeder.de\/blog\/wp-json\/wp\/v2\/types\/post"}],"author":[{"embeddable":true,"href":"https:\/\/www.steuerschroeder.de\/blog\/wp-json\/wp\/v2\/users\/2"}],"replies":[{"embeddable":true,"href":"https:\/\/www.steuerschroeder.de\/blog\/wp-json\/wp\/v2\/comments?post=57699"}],"version-history":[{"count":0,"href":"https:\/\/www.steuerschroeder.de\/blog\/wp-json\/wp\/v2\/posts\/57699\/revisions"}],"wp:attachment":[{"href":"https:\/\/www.steuerschroeder.de\/blog\/wp-json\/wp\/v2\/media?parent=57699"}],"wp:term":[{"taxonomy":"category","embeddable":true,"href":"https:\/\/www.steuerschroeder.de\/blog\/wp-json\/wp\/v2\/categories?post=57699"},{"taxonomy":"post_tag","embeddable":true,"href":"https:\/\/www.steuerschroeder.de\/blog\/wp-json\/wp\/v2\/tags?post=57699"}],"curies":[{"name":"wp","href":"https:\/\/api.w.org\/{rel}","templated":true}]}}