{"id":73030,"date":"2023-11-18T13:00:13","date_gmt":"2023-11-18T11:00:13","guid":{"rendered":"https:\/\/www.steuerschroeder.de\/blog\/?p=73030"},"modified":"2023-11-18T13:00:13","modified_gmt":"2023-11-18T11:00:13","slug":"kabinett-beschliesst-vierte-mindestlohnanpassungsverordnung","status":"publish","type":"post","link":"https:\/\/www.steuerschroeder.de\/blog\/kabinett-beschliesst-vierte-mindestlohnanpassungsverordnung\/","title":{"rendered":"Kabinett beschlie\u00dft Vierte Mindestlohnanpassungsverordnung"},"content":{"rendered":"\n<p>Das Bundeskabinett hat heute die Anhebung des gesetzlichen Mindestlohns beschlossen. Demnach steigt der Mindestlohn zum 1. Januar 2024 zun\u00e4chst auf 12,41 Euro brutto je Zeitstunde und steigt in einem weiteren Schritt zum 1. Januar 2025 auf 12,82 Euro brutto je Zeitstunde.<\/p>\n\n\n\n<p>Die Anhebung des Mindestlohns ist eine wichtige Ma\u00dfnahme zur St\u00e4rkung der Kaufkraft und zur Bek\u00e4mpfung von Armut und Ungleichheit. Sie wird zu einer sp\u00fcrbaren Einkommenserh\u00f6hung f\u00fcr rund 6,2 Millionen Arbeitnehmerinnen und Arbeitnehmer f\u00fchren.<\/p>\n\n\n\n<p>Der Beschluss des Kabinetts setzt den Beschluss der Mindestlohnkommission vom 26. Juni 2023 rechtsverbindlich um. Die Mindestlohnkommission ist ein unabh\u00e4ngiges Gremium, das sich aus Vertreterinnen und Vertretern der Arbeitgeberseite, der Arbeitnehmerseite und des Bundesarbeitsministeriums zusammensetzt. Sie ber\u00e4t und entscheidet \u00fcber die H\u00f6he des gesetzlichen Mindestlohns.<\/p>\n\n\n\n<p>Die Vierte Mindestlohnanpassungsverordnung soll zum 1. Januar 2024 in Kraft treten.<\/p>\n","protected":false},"excerpt":{"rendered":"<p>Das Bundeskabinett hat heute die Anhebung des gesetzlichen Mindestlohns beschlossen. Demnach steigt der Mindestlohn zum 1. Januar 2024 zun\u00e4chst auf 12,41 Euro brutto je Zeitstunde und steigt in einem weiteren Schritt zum 1. Januar 2025 auf 12,82 Euro brutto je Zeitstunde. Die Anhebung des Mindestlohns ist eine wichtige Ma\u00dfnahme zur St\u00e4rkung der Kaufkraft und zur &hellip; <a href=\"https:\/\/www.steuerschroeder.de\/blog\/kabinett-beschliesst-vierte-mindestlohnanpassungsverordnung\/\" class=\"more-link\"><span class=\"screen-reader-text\">Kabinett beschlie\u00dft Vierte Mindestlohnanpassungsverordnung<\/span> weiterlesen <span class=\"meta-nav\">&rarr;<\/span><\/a><\/p>\n","protected":false},"author":2,"featured_media":0,"comment_status":"closed","ping_status":"","sticky":false,"template":"","format":"standard","meta":[],"categories":[1730],"tags":[],"_links":{"self":[{"href":"https:\/\/www.steuerschroeder.de\/blog\/wp-json\/wp\/v2\/posts\/73030"}],"collection":[{"href":"https:\/\/www.steuerschroeder.de\/blog\/wp-json\/wp\/v2\/posts"}],"about":[{"href":"https:\/\/www.steuerschroeder.de\/blog\/wp-json\/wp\/v2\/types\/post"}],"author":[{"embeddable":true,"href":"https:\/\/www.steuerschroeder.de\/blog\/wp-json\/wp\/v2\/users\/2"}],"replies":[{"embeddable":true,"href":"https:\/\/www.steuerschroeder.de\/blog\/wp-json\/wp\/v2\/comments?post=73030"}],"version-history":[{"count":0,"href":"https:\/\/www.steuerschroeder.de\/blog\/wp-json\/wp\/v2\/posts\/73030\/revisions"}],"wp:attachment":[{"href":"https:\/\/www.steuerschroeder.de\/blog\/wp-json\/wp\/v2\/media?parent=73030"}],"wp:term":[{"taxonomy":"category","embeddable":true,"href":"https:\/\/www.steuerschroeder.de\/blog\/wp-json\/wp\/v2\/categories?post=73030"},{"taxonomy":"post_tag","embeddable":true,"href":"https:\/\/www.steuerschroeder.de\/blog\/wp-json\/wp\/v2\/tags?post=73030"}],"curies":[{"name":"wp","href":"https:\/\/api.w.org\/{rel}","templated":true}]}}