{"id":77812,"date":"2025-07-10T11:38:42","date_gmt":"2025-07-10T09:38:42","guid":{"rendered":"https:\/\/www.steuerschroeder.de\/blog\/?p=77812"},"modified":"2025-07-10T11:38:42","modified_gmt":"2025-07-10T09:38:42","slug":"der-investitionsbooster-kommt-jetzt-sind-die-unternehmen-gefragt","status":"publish","type":"post","link":"https:\/\/www.steuerschroeder.de\/blog\/der-investitionsbooster-kommt-jetzt-sind-die-unternehmen-gefragt\/","title":{"rendered":"<strong>Der \u201eInvestitionsbooster\u201c kommt \u2013 Jetzt sind die Unternehmen gefragt<\/strong>"},"content":{"rendered":"\n<p>\ud83d\udcc6 <strong>DIHK, Mitteilung vom 08.07.2025<\/strong><\/p>\n\n\n\n<hr class=\"wp-block-separator has-alpha-channel-opacity\"\/>\n\n\n\n<h2><strong>Worum geht es?<\/strong><\/h2>\n\n\n\n<p>Die Bundesregierung bringt ein steuerliches Investitionspaket auf den Weg, das nach Zustimmung des Bundesrats am 11. Juli 2025 <strong>rasch in Kraft treten soll<\/strong>. Die Ma\u00dfnahmen sollen gezielt Investitionen ansto\u00dfen, steuerliche Belastungen senken und die digitale Transformation der Verwaltung beschleunigen. Die Industrie- und Handelskammern (DIHK) begr\u00fc\u00dfen die Richtung \u2013 fordern aber mehr Tempo und weitergehende Reformen.<\/p>\n\n\n\n<hr class=\"wp-block-separator has-alpha-channel-opacity\"\/>\n\n\n\n<h2><strong>Kernpunkte des Investitionspakets<\/strong><\/h2>\n\n\n\n<h3>\ud83d\udd39 <strong>Degressive AfA kehrt zur\u00fcck \u2013 30\u202f% Abschreibung f\u00fcr Investitionen<\/strong><\/h3>\n\n\n\n<ul><li>F\u00fcr die Jahre <strong>2025 bis 2027<\/strong> gilt wieder die <strong>degressive Abschreibung<\/strong> f\u00fcr bewegliche Wirtschaftsg\u00fcter des Anlageverm\u00f6gens.<\/li><li>Der Abschreibungssatz betr\u00e4gt <strong>30\u202f% im ersten Jahr<\/strong>, danach Abschreibung vom Restbuchwert.<\/li><li><strong>Anwendbar z.\u202fB. auf Maschinen, Technik, B\u00fcroausstattung.<\/strong><\/li><\/ul>\n\n\n\n<p>\ud83d\udca1 <strong>Vorteil:<\/strong> Investitionen rechnen sich schneller \u2013 Liquidit\u00e4t bleibt im Unternehmen.<\/p>\n\n\n\n<hr class=\"wp-block-separator has-alpha-channel-opacity\"\/>\n\n\n\n<h3>\ud83d\udd39 <strong>K\u00f6rperschaftsteuersenkung ab 2028 \u2013 aber in Etappen<\/strong><\/h3>\n\n\n\n<ul><li>Ab 2028 wird der K\u00f6rperschaftsteuersatz <strong>j\u00e4hrlich um 1 Prozentpunkt gesenkt<\/strong> \u2013 von derzeit <strong>15\u202f% auf 10\u202f% im Jahr 2032<\/strong>.<\/li><li>Gilt f\u00fcr Kapitalgesellschaften wie GmbHs und AGs.<\/li><li>Der kombinierte Steuersatz mit Gewerbesteuer soll so auf ca. <strong>25\u202f%<\/strong> sinken.<\/li><\/ul>\n\n\n\n<h3>\ud83d\udd39 <strong>Thesaurierungsbeg\u00fcnstigung f\u00fcr Personengesellschaften<\/strong><\/h3>\n\n\n\n<ul><li>Auch Einzelunternehmen und Personengesellschaften profitieren:<\/li><li>Der Steuersatz auf <strong>nicht entnommene Gewinne<\/strong> soll ab 2028 <strong>von 28,25\u202f% auf 25\u202f%<\/strong> reduziert werden.<\/li><\/ul>\n\n\n\n<p>\ud83d\udcac <strong>Damit wird eine steuersystematische Gleichbehandlung von Kapital- und Personengesellschaften angestrebt.<\/strong><\/p>\n\n\n\n<hr class=\"wp-block-separator has-alpha-channel-opacity\"\/>\n\n\n\n<h2><strong>Was fehlt? \u2013 Kritik der Wirtschaft<\/strong><\/h2>\n\n\n\n<p>Der DIHK kritisiert:<\/p>\n\n\n\n<ul><li><strong>Stromsteuerentlastung f\u00fcr alle Betriebe gestrichen<\/strong> \u2013 trotz Zusage im Koalitionsvertrag<\/li><li><strong>Entlastungswirkungen greifen zu sp\u00e4t<\/strong> (erst ab 2028 bei K\u00f6rperschaftsteuer)<\/li><li><strong>AfA-Erleichterungen sind zeitlich befristet<\/strong><\/li><li><strong>Keine Reform der AfA-Tabellen oder Anhebung der GWG-Grenze<\/strong> (noch bei 800\u202f\u20ac)<\/li><\/ul>\n\n\n\n<hr class=\"wp-block-separator has-alpha-channel-opacity\"\/>\n\n\n\n<h2><strong>Ausblick: Was Unternehmen jetzt tun sollten<\/strong><\/h2>\n\n\n\n<p>\u2705 <strong>Investitionen vorziehen oder planen:<\/strong> Wer zwischen 2025 und 2027 investiert, profitiert unmittelbar von der <strong>30\u202f%-AfA<\/strong>.<br \/>\u2705 <strong>Steuerstrategien pr\u00fcfen:<\/strong> F\u00fcr thesaurierende Unternehmen (z.\u202fB. GmbHs) kann sich langfristige Gewinnzur\u00fcckhaltung lohnen.<br \/>\u2705 <strong>Digitalisierung nutzen:<\/strong> Die geplante Vereinfachung steuerlicher Verfahren er\u00f6ffnet auch Chancen zur internen Prozessoptimierung.<\/p>\n\n\n\n<hr class=\"wp-block-separator has-alpha-channel-opacity\"\/>\n\n\n\n<h2><strong>Fazit<\/strong><\/h2>\n\n\n\n<p>Mit der <strong>Wiedereinf\u00fchrung der degressiven AfA<\/strong> und geplanten <strong>Steuersenkungen ab 2028<\/strong> setzt die Bundesregierung ein Zeichen f\u00fcr investitionsfreundlichere Rahmenbedingungen \u2013 wenn auch <strong>zeitlich begrenzt und mit Verz\u00f6gerung<\/strong>. Die Wirtschaft dr\u00e4ngt auf mehr Geschwindigkeit und Durchschlagskraft bei steuerlicher Entlastung, B\u00fcrokratieabbau und Digitalisierung.<\/p>\n\n\n\n<p>\ud83d\udccc <strong>Jetzt ist der richtige Zeitpunkt<\/strong>, Investitionen zu planen \u2013 steuerlich optimal begleitet.<\/p>\n\n\n\n<hr class=\"wp-block-separator has-alpha-channel-opacity\"\/>\n\n\n\n<p>\ud83d\udcc4 Quelle: DIHK-Mitteilung vom 08.07.2025<br \/>\ud83d\udccc Nachzulesen in: hib \u2013 heute im bundestag, Nr. 292\/2025<\/p>\n\n\n\n<hr class=\"wp-block-separator has-alpha-channel-opacity\"\/>\n\n\n\n<p>\ud83d\udcac Sie m\u00f6chten Ihre Investitionen steuerlich optimieren oder Ihre Abschreibungsm\u00f6glichkeiten pr\u00fcfen?<br \/><strong>Wir unterst\u00fctzen Sie gerne \u2013 strategisch und zukunftsorientiert.<\/strong><\/p>\n","protected":false},"excerpt":{"rendered":"<p>\ud83d\udcc6 DIHK, Mitteilung vom 08.07.2025 Worum geht es? Die Bundesregierung bringt ein steuerliches Investitionspaket auf den Weg, das nach Zustimmung des Bundesrats am 11. Juli 2025 rasch in Kraft treten soll. Die Ma\u00dfnahmen sollen gezielt Investitionen ansto\u00dfen, steuerliche Belastungen senken und die digitale Transformation der Verwaltung beschleunigen. Die Industrie- und Handelskammern (DIHK) begr\u00fc\u00dfen die Richtung &hellip; <a href=\"https:\/\/www.steuerschroeder.de\/blog\/der-investitionsbooster-kommt-jetzt-sind-die-unternehmen-gefragt\/\" class=\"more-link\"><span class=\"screen-reader-text\"><strong>Der \u201eInvestitionsbooster\u201c kommt \u2013 Jetzt sind die Unternehmen gefragt<\/strong><\/span> weiterlesen <span class=\"meta-nav\">&rarr;<\/span><\/a><\/p>\n","protected":false},"author":2,"featured_media":0,"comment_status":"closed","ping_status":"","sticky":false,"template":"","format":"standard","meta":[],"categories":[1730],"tags":[],"_links":{"self":[{"href":"https:\/\/www.steuerschroeder.de\/blog\/wp-json\/wp\/v2\/posts\/77812"}],"collection":[{"href":"https:\/\/www.steuerschroeder.de\/blog\/wp-json\/wp\/v2\/posts"}],"about":[{"href":"https:\/\/www.steuerschroeder.de\/blog\/wp-json\/wp\/v2\/types\/post"}],"author":[{"embeddable":true,"href":"https:\/\/www.steuerschroeder.de\/blog\/wp-json\/wp\/v2\/users\/2"}],"replies":[{"embeddable":true,"href":"https:\/\/www.steuerschroeder.de\/blog\/wp-json\/wp\/v2\/comments?post=77812"}],"version-history":[{"count":0,"href":"https:\/\/www.steuerschroeder.de\/blog\/wp-json\/wp\/v2\/posts\/77812\/revisions"}],"wp:attachment":[{"href":"https:\/\/www.steuerschroeder.de\/blog\/wp-json\/wp\/v2\/media?parent=77812"}],"wp:term":[{"taxonomy":"category","embeddable":true,"href":"https:\/\/www.steuerschroeder.de\/blog\/wp-json\/wp\/v2\/categories?post=77812"},{"taxonomy":"post_tag","embeddable":true,"href":"https:\/\/www.steuerschroeder.de\/blog\/wp-json\/wp\/v2\/tags?post=77812"}],"curies":[{"name":"wp","href":"https:\/\/api.w.org\/{rel}","templated":true}]}}