{"id":24947,"date":"2013-02-04T15:27:43","date_gmt":"2013-02-04T13:27:43","guid":{"rendered":"http:\/\/steuer.org\/?p=24947"},"modified":"2013-02-04T15:27:43","modified_gmt":"2013-02-04T13:27:43","slug":"r-b-162-bewertung-des-wirtschaftsteils","status":"publish","type":"post","link":"https:\/\/www.steuerschroeder.de\/steuer\/r-b-162-bewertung-des-wirtschaftsteils\/","title":{"rendered":"R B 162 Bewertung des Wirtschaftsteils"},"content":{"rendered":"<p><strong>Zu \u00a7 162 BewG<\/strong><\/p>\n<p><strong>R B 162 Bewertung des Wirtschaftsteils<\/strong><\/p>\n<p>(1)\u00a0<sup>1<\/sup>Die Bewertung des Wirtschaftsteils erfolgt auf der Basis des sog.\u00a0<strong>Fortf\u00fchrungswerts<\/strong>\u00a0(\u00a7 162 Absatz 1 BewG).\u00a0<sup>2<\/sup>Dies ist der Wert, der den einzelnen Nutzungen, Nebenbetrieben und \u00fcbrigen Wirtschaftsg\u00fctern in einem Betrieb der Land- und Forstwirtschaft unter objektiven \u00f6konomischen Bedingungen im Rahmen einer Betriebsfortf\u00fchrung beizumessen ist.<\/p>\n<p>(2) Die Bewertung von\u00a0<strong>St\u00fcckl\u00e4ndereien<\/strong>\u00a0erfolgt aus Vereinfachungsgr\u00fcnden und mangels Selbstbewirtschaftung unmittelbar mit dem Mindestwert nach\u00a0\u00a7 164 BewG.<\/p>\n<p>(3)\u00a0<sup>1<\/sup>Im Falle der\u00a0<strong>Ver\u00e4u\u00dferung eines ganzen Betriebs oder eines Anteils<\/strong>\u00a0im Sinne des\u00a0\u00a7 158 Absatz 2 Satz 2 BewG\u00a0<strong>innerhalb einer Frist von 15 Jahren<\/strong>\u00a0erfolgt der\u00a0<strong>Ansatz des Liquidationswerts<\/strong>\u00a0(Nachbewertungsvorbehalt).\u00a0<sup>2<\/sup>Zur Berechnung des Liquidationswerts &gt; R B 166 Absatz 1 und Absatz 2.\u00a0<sup>3<\/sup>Der\u00a0<strong>Ansatz des Liquidationswerts entf\u00e4llt<\/strong>, wenn der gesamte Ver\u00e4u\u00dferungserl\u00f6s ausschlie\u00dflich zum Erwerb eines anderen Betriebs der Land- und Forstwirtschaft oder eines Anteils im Sinne des\u00a0\u00a7 158 Absatz 2 Satz 2 BewG\u00a0innerhalb von sechs Monaten verwendet wird &#8211;\u00a0<strong>Reinvestition<\/strong>.\u00a0<sup>4<\/sup>Die Frist von sechs Monaten beginnt mit Ablauf des Tages, an dem Nutzen, Lasten und Gefahren \u00fcbergehen.\u00a0<sup>5<\/sup>F\u00fcr die Berechnung der Fristen gelten die Vorschriften der\u00a0\u00a7\u00a7 187,\u00a0188\u00a0und\u00a0193 BGB.<\/p>\n<p>(4)\u00a0<sup>1<\/sup>Die dem Grunde nach f\u00fcr einen Betrieb der Land- und Forstwirtschaft\u00a0<strong>wesentlichen Wirtschaftsg\u00fcter Grund und Boden, Wirtschaftsgeb\u00e4ude, stehende Betriebsmittel und immaterielle Wirtschaftsg\u00fcter<\/strong>\u00a0unterliegen nach\u00a0\u00a7 162 Absatz 4 BewG\u00a0ebenfalls dem Nachbewertungsvorbehalt nach Absatz 3.\u00a0<sup>2<\/sup>Werden wesentliche Wirtschaftsg\u00fcter innerhalb der Frist von 15 Jahren ver\u00e4u\u00dfert oder sind sie einem Betrieb der Land- und Forstwirtschaft nicht mehr dauernd zu dienen bestimmt (R B 158.1 Absatz 1), erfolgt ebenfalls der Ansatz des Liquidationswerts.\u00a0<sup>3<\/sup>Wesentliche Wirtschaftsg\u00fcter sind bei stehenden Betriebsmitteln nur dann anzunehmen, wenn der gemeine Wert des einzelnen Wirtschaftsguts oder einer Sachgesamtheit von Wirtschaftsg\u00fctern (z.B. Tierbest\u00e4nde, Feldinventar, B\u00fcroausstattung, Werkzeug) am Bewertungsstichtag mindestens 50\u00a0000 Euro betr\u00e4gt.\u00a0<sup>4<\/sup>Zur Berechnung des Liquidationswerts &gt; R B 166 Absatz 1 und 3.<\/p>\n<p>(5)\u00a0<sup>1<\/sup>Der\u00a0<strong>Ansatz des Liquidationswerts kommt nicht in Betracht, wenn der Ver\u00e4u\u00dferungserl\u00f6s innerhalb von sechs Monaten im betrieblichen Interesse verwendet wird<\/strong>\u00a0(Reinvestitionsklausel).\u00a0<sup>2<\/sup>Eine Verwendung im betrieblichen Interesse liegt vor, wenn anstelle des ver\u00e4u\u00dferten (wesentlichen) Wirtschaftsguts eine Reinvestition in die Wirtschaftsg\u00fcter Grund und Boden, Wirtschaftsgeb\u00e4ude, stehende Betriebsmittel (Absatz 4 Satz 4) oder immaterielle Wirtschaftsg\u00fcter erfolgt.\u00a0<sup>3<\/sup>Gleiches gilt f\u00fcr den Fall, dass ein wesentliches Wirtschaftsgut einem Betrieb der Land- und Forstwirtschaft nicht mehr dauernd zu dienen bestimmt ist.\u00a0<sup>4<\/sup>An die Stelle des Ver\u00e4u\u00dferungserl\u00f6ses tritt der gemeine Wert des einzelnen Wirtschaftsguts.\u00a0<sup>5<\/sup>Eine Verwendung im betrieblichen Interesse ist auch dann anzunehmen, wenn der Ver\u00e4u\u00dferungserl\u00f6s zur Tilgung betrieblicher Verbindlichkeiten im Sinne des\u00a0\u00a7 158 Absatz 5 BewG\u00a0eingesetzt wird.<\/p>\n","protected":false},"excerpt":{"rendered":"<p>Zu \u00a7 162 BewG R B 162 Bewertung des Wirtschaftsteils (1)\u00a01Die Bewertung des Wirtschaftsteils erfolgt auf der Basis des sog.\u00a0Fortf\u00fchrungswerts\u00a0(\u00a7 162 Absatz 1 BewG).\u00a02Dies ist der Wert, der den einzelnen Nutzungen, Nebenbetrieben und \u00fcbrigen Wirtschaftsg\u00fctern in einem Betrieb der Land- und Forstwirtschaft unter objektiven \u00f6konomischen Bedingungen im Rahmen einer Betriebsfortf\u00fchrung beizumessen ist. (2) Die Bewertung &hellip; <a href=\"https:\/\/www.steuerschroeder.de\/steuer\/r-b-162-bewertung-des-wirtschaftsteils\/\" class=\"more-link\"><span class=\"screen-reader-text\">R B 162 Bewertung des Wirtschaftsteils<\/span> weiterlesen <span class=\"meta-nav\">&rarr;<\/span><\/a><\/p>\n","protected":false},"author":2,"featured_media":0,"comment_status":"closed","ping_status":"closed","sticky":false,"template":"","format":"standard","meta":{"footnotes":""},"categories":[1],"tags":[434],"class_list":["post-24947","post","type-post","status-publish","format-standard","hentry","category-steuer","tag-bewertung"],"_links":{"self":[{"href":"https:\/\/www.steuerschroeder.de\/steuer\/wp-json\/wp\/v2\/posts\/24947","targetHints":{"allow":["GET"]}}],"collection":[{"href":"https:\/\/www.steuerschroeder.de\/steuer\/wp-json\/wp\/v2\/posts"}],"about":[{"href":"https:\/\/www.steuerschroeder.de\/steuer\/wp-json\/wp\/v2\/types\/post"}],"author":[{"embeddable":true,"href":"https:\/\/www.steuerschroeder.de\/steuer\/wp-json\/wp\/v2\/users\/2"}],"replies":[{"embeddable":true,"href":"https:\/\/www.steuerschroeder.de\/steuer\/wp-json\/wp\/v2\/comments?post=24947"}],"version-history":[{"count":0,"href":"https:\/\/www.steuerschroeder.de\/steuer\/wp-json\/wp\/v2\/posts\/24947\/revisions"}],"wp:attachment":[{"href":"https:\/\/www.steuerschroeder.de\/steuer\/wp-json\/wp\/v2\/media?parent=24947"}],"wp:term":[{"taxonomy":"category","embeddable":true,"href":"https:\/\/www.steuerschroeder.de\/steuer\/wp-json\/wp\/v2\/categories?post=24947"},{"taxonomy":"post_tag","embeddable":true,"href":"https:\/\/www.steuerschroeder.de\/steuer\/wp-json\/wp\/v2\/tags?post=24947"}],"curies":[{"name":"wp","href":"https:\/\/api.w.org\/{rel}","templated":true}]}}