{"id":295,"date":"2012-08-26T14:19:41","date_gmt":"2012-08-26T12:19:41","guid":{"rendered":"http:\/\/steuer.org\/?p=295"},"modified":"2012-08-26T14:19:41","modified_gmt":"2012-08-26T12:19:41","slug":"r-2-umfang-der-besteuerung","status":"publish","type":"post","link":"https:\/\/www.steuerschroeder.de\/steuer\/r-2-umfang-der-besteuerung\/","title":{"rendered":"R 2. Umfang der Besteuerung"},"content":{"rendered":"<p><strong>R 2. Umfang der Besteuerung<\/strong><\/p>\n<p>(1) Das zu versteuernde Einkommen ist wie folgt zu ermitteln:<\/p>\n<p>1 \u00a0 \u00a0 \u00a0 \u00a0 \u00a0 \u00a0 \u00a0S. d. E. aus den Einkunftsarten<br \/>\n2 \u00a0 \u00a0 = \u00a0 \u00a0 \u00a0S. d. E.<br \/>\n3 \u00a0 \u00a0 \u00a0&#8211; \u00a0 \u00a0 \u00a0Altersentlastungsbetrag (\u00a7 24a EStG)<br \/>\n4 \u00a0 \u00a0 \u00a0&#8211; \u00a0 \u00a0 \u00a0Entlastungsbetrag f\u00fcr Alleinerziehende (\u00a7 24b EStG)<br \/>\n5 \u00a0 \u00a0 \u00a0&#8211; \u00a0 \u00a0 \u00a0Freibetrag f\u00fcr Land- und Forstwirte (\u00a7 13 Abs. 3 EStG)<br \/>\n6 \u00a0 \u00a0 \u00a0+ \u00a0 \u00a0 Hinzurechnungsbetrag (\u00a7 52 Abs. 3 Satz 3 EStG sowie \u00a7 8 Abs. 5 Satz 2 AIG)<br \/>\n7 \u00a0 \u00a0 \u00a0= \u00a0 \u00a0G. d. E. (\u00a7 2 Abs. 3 EStG)<br \/>\n8 \u00a0 \u00a0 \u00a0 &#8211; \u00a0 \u00a0 Verlustabzug nach \u00a7 10d EStG<br \/>\n9 \u00a0 \u00a0 \u00a0 &#8211; \u00a0 \u00a0 \u00a0Sonderausgaben (\u00a7\u00a7 10, 10a, 10b, 10c EStG)<br \/>\n10 \u00a0 \u00a0&#8211; \u00a0 \u00a0 \u00a0au\u00dfergew\u00f6hnliche Belastungen (\u00a7\u00a7 33 bis 33b EStG)<br \/>\n11 \u00a0 \u00a0&#8211; \u00a0 \u00a0 \u00a0Steuerbeg\u00fcnstigung der zu Wohnzwecken genutzten Wohnungen, Geb\u00e4ude und Baudenkmale sowie der \u00a0 \u00a0 \u00a0schutzw\u00fcrdigen Kulturg\u00fcter (\u00a7\u00a7 10e bis 10i EStG, \u00a7 52 Abs. 21 Satz 6 EStG i. d. F. vom 16.4.1997,BGBl. I S. 821 und \u00a7 7 F\u00f6rdG)<br \/>\n12 \u00a0 \u00a0 \u00a0 + \u00a0 \u00a0zuzurechnendes Einkommen gem. \u00a7 15 Abs. 1 AStG<br \/>\n13 \u00a0 \u00a0 \u00a0 = \u00a0 \u00a0Einkommen (\u00a7 2 Abs. 4 EStG)<br \/>\n14 \u00a0 \u00a0 \u00a0 &#8211; \u00a0 \u00a0 Freibetr\u00e4ge f\u00fcr Kinder (\u00a7\u00a7 31, 32 Abs. 6 EStG)<br \/>\n15 \u00a0 \u00a0 \u00a0 &#8211; \u00a0 \u00a0 H\u00e4rteausgleich nach \u00a7 46 Abs. 3 EStG, \u00a7 70 EStDV<br \/>\n16 \u00a0 \u00a0 \u00a0= \u00a0 \u00a0z. v. E. (\u00a7 2 Abs. 5 EStG).<\/p>\n<p>(2) Die festzusetzende Einkommensteuer ist wie folgt zu ermitteln:<\/p>\n<p>1 \u00a0 \u00a0 \u00a0 \u00a0 \u00a0 \u00a0Steuerbetrag<br \/>\na) \u00a0 \u00a0nach \u00a7 32a Abs. 1, 5, \u00a7 50 Abs. 3 EStG<br \/>\noder<br \/>\nb) \u00a0 \u00a0nach dem bei Anwendung des Progressionsvorbehalts (\u00a7 32b EStG) oder der Steuersatzbegrenzung sich \u00a0 ergebenden Steuersatz<br \/>\n2 \u00a0 \u00a0+ \u00a0 \u00a0 \u00a0 \u00a0 Steuer auf Grund Berechnung nach den \u00a7\u00a7 34, 34b EStG<br \/>\n2a \u00a0+ \u00a0 \u00a0 \u00a0 Steuer auf Grund Berechnung nach \u00a7 32d Abs. 3 EStG (ab VZ 2009)[1]<br \/>\n3 \u00a0 \u00a0+ \u00a0 \u00a0 \u00a0 \u00a0 Steuer auf Grund der Berechnung nach \u00a7 34a Abs. 1, 4 bis 6 EStG<br \/>\n4 \u00a0 \u00a0= \u00a0 \u00a0 \u00a0 \u00a0 tarifliche Einkommensteuer (\u00a7 32a Abs. 1, 5 EStG)<br \/>\n5 \u00a0 \u00a0 &#8211; \u00a0 \u00a0 \u00a0 \u00a0 \u00a0Minderungsbetrag nach Punkt 11 Ziffer 2 des Schlussprotokolls zu Artikel 23 DBA Belgien in der durch Artikel 2 des Zusatzabkommens vom 5.11.2002 ge\u00e4nderten Fassung (BGBl. 2003 II S. 1615)<br \/>\n6 \u00a0 \u00a0&#8211; \u00a0 \u00a0 \u00a0 \u00a0 \u00a0ausl\u00e4ndische Steuern nach \u00a7 34c Abs. 1 und 6 EStG, \u00a7 12 AStG<br \/>\n7 \u00a0 \u00a0&#8211; \u00a0 \u00a0 \u00a0 \u00a0 Steuererm\u00e4\u00dfigung nach \u00a7 35 EStG<br \/>\n8 \u00a0 \u00a0&#8211; \u00a0 \u00a0 \u00a0 \u00a0 Steuererm\u00e4\u00dfigung f\u00fcr Stpfl. mit Kindern bei Inanspruchnahme erh\u00f6hter Absetzungen f\u00fcr Wohngeb\u00e4ude oder der Steuerbeg\u00fcnstigungen f\u00fcr eigengenutztes Wohneigentum (\u00a7 34f Abs. 1 und 2 EStG)<br \/>\n9 \u00a0 \u00a0 \u00a0&#8211; \u00a0 \u00a0 \u00a0 \u00a0 Steuererm\u00e4\u00dfigung bei Zuwendungen an politische Parteien und unabh\u00e4ngige W\u00e4hlervereinigungen (\u00a7 34g EStG)<br \/>\n10 \u00a0 \u00a0&#8211; \u00a0 \u00a0 \u00a0 Steuererm\u00e4\u00dfigung nach \u00a7 34f Abs. 3 EStG<br \/>\n11 \u00a0 \u00a0 &#8211; \u00a0 \u00a0 \u00a0 \u00a0Steuererm\u00e4\u00dfigung nach \u00a7 35a EStG[2][3]<br \/>\n12 \u00a0 \u00a0+ \u00a0 \u00a0 \u00a0 Steuern nach \u00a7 34c Abs. 5 EStG<br \/>\n13 \u00a0 \u00a0+ \u00a0 \u00a0 \u00a0 Nachsteuer nach \u00a7 10 Abs. 5 EStG i. V. m. \u00a7 30 EStDV<br \/>\n14 \u00a0 \u00a0+ \u00a0 \u00a0 \u00a0 Zuschlag nach \u00a7 3 Abs. 4 Satz 2 Forstsch\u00e4den-Ausgleichsgesetz<br \/>\n15 \u00a0 \u00a0+ \u00a0 \u00a0 \u00a0Anspruch auf Zulage f\u00fcr Altersvorsorge nach \u00a7 10a Abs. 2 EStG<br \/>\n16 \u00a0 \u00a0+ \u00a0 \u00a0 \u00a0Anspruch auf Kindergeld oder vergleichbare Leistungen, soweit in den F\u00e4llen des \u00a7 31 EStG das Einkommen um Freibetr\u00e4ge f\u00fcr Kinder gemindert wurde<br \/>\n17 \u00a0 \u00a0= \u00a0 \u00a0 festzusetzende Einkommensteuer (\u00a7 2 Abs. 6 EStG).<\/p>\n","protected":false},"excerpt":{"rendered":"<p>R 2. Umfang der Besteuerung (1) Das zu versteuernde Einkommen ist wie folgt zu ermitteln: 1 \u00a0 \u00a0 \u00a0 \u00a0 \u00a0 \u00a0 \u00a0S. d. E. aus den Einkunftsarten 2 \u00a0 \u00a0 = \u00a0 \u00a0 \u00a0S. d. E. 3 \u00a0 \u00a0 \u00a0&#8211; \u00a0 \u00a0 \u00a0Altersentlastungsbetrag (\u00a7 24a EStG) 4 \u00a0 \u00a0 \u00a0&#8211; \u00a0 \u00a0 \u00a0Entlastungsbetrag f\u00fcr &hellip; <a href=\"https:\/\/www.steuerschroeder.de\/steuer\/r-2-umfang-der-besteuerung\/\" class=\"more-link\"><span class=\"screen-reader-text\">R 2. Umfang der Besteuerung<\/span> weiterlesen <span class=\"meta-nav\">&rarr;<\/span><\/a><\/p>\n","protected":false},"author":2,"featured_media":0,"comment_status":"open","ping_status":"open","sticky":false,"template":"","format":"standard","meta":{"footnotes":""},"categories":[1],"tags":[112],"class_list":["post-295","post","type-post","status-publish","format-standard","hentry","category-steuer","tag-umfang-der-besteuerung"],"_links":{"self":[{"href":"https:\/\/www.steuerschroeder.de\/steuer\/wp-json\/wp\/v2\/posts\/295","targetHints":{"allow":["GET"]}}],"collection":[{"href":"https:\/\/www.steuerschroeder.de\/steuer\/wp-json\/wp\/v2\/posts"}],"about":[{"href":"https:\/\/www.steuerschroeder.de\/steuer\/wp-json\/wp\/v2\/types\/post"}],"author":[{"embeddable":true,"href":"https:\/\/www.steuerschroeder.de\/steuer\/wp-json\/wp\/v2\/users\/2"}],"replies":[{"embeddable":true,"href":"https:\/\/www.steuerschroeder.de\/steuer\/wp-json\/wp\/v2\/comments?post=295"}],"version-history":[{"count":0,"href":"https:\/\/www.steuerschroeder.de\/steuer\/wp-json\/wp\/v2\/posts\/295\/revisions"}],"wp:attachment":[{"href":"https:\/\/www.steuerschroeder.de\/steuer\/wp-json\/wp\/v2\/media?parent=295"}],"wp:term":[{"taxonomy":"category","embeddable":true,"href":"https:\/\/www.steuerschroeder.de\/steuer\/wp-json\/wp\/v2\/categories?post=295"},{"taxonomy":"post_tag","embeddable":true,"href":"https:\/\/www.steuerschroeder.de\/steuer\/wp-json\/wp\/v2\/tags?post=295"}],"curies":[{"name":"wp","href":"https:\/\/api.w.org\/{rel}","templated":true}]}}